{"id":111415,"date":"2025-09-10T12:34:07","date_gmt":"2025-09-10T10:34:07","guid":{"rendered":"https:\/\/diselva.com\/?p=111415"},"modified":"2025-09-25T09:22:37","modified_gmt":"2025-09-25T07:22:37","slug":"bewaehrtes-vorgehen-digitale-transformation-strategie","status":"publish","type":"post","link":"https:\/\/diselva.com\/de\/blog\/bewaehrtes-vorgehen-digitale-transformation-strategie\/","title":{"rendered":"Bew\u00e4hrtes Vorgehen Digitale Transformation Strategie"},"content":{"rendered":"\n<figure class=\"wp-block-image size-medium\"><img data-recalc-dims=\"1\" loading=\"lazy\" decoding=\"async\" width=\"1024\" height=\"406\" src=\"https:\/\/i0.wp.com\/diselva.com\/wp-content\/uploads\/2025\/09\/digitale-transformations-strategie-gruen-e1757510699161-1024x406.png?resize=1024%2C406&#038;quality=78&#038;ssl=1\" alt=\"\" class=\"wp-image-111418\" srcset=\"https:\/\/i0.wp.com\/diselva.com\/wp-content\/uploads\/2025\/09\/digitale-transformations-strategie-gruen-e1757510699161.png?resize=1024%2C406&amp;quality=78&amp;ssl=1 1024w, https:\/\/i0.wp.com\/diselva.com\/wp-content\/uploads\/2025\/09\/digitale-transformations-strategie-gruen-e1757510699161.png?resize=400%2C158&amp;quality=78&amp;ssl=1 400w, https:\/\/i0.wp.com\/diselva.com\/wp-content\/uploads\/2025\/09\/digitale-transformations-strategie-gruen-e1757510699161.png?resize=768%2C304&amp;quality=78&amp;ssl=1 768w, https:\/\/i0.wp.com\/diselva.com\/wp-content\/uploads\/2025\/09\/digitale-transformations-strategie-gruen-e1757510699161.png?resize=1536%2C608&amp;quality=78&amp;ssl=1 1536w, https:\/\/i0.wp.com\/diselva.com\/wp-content\/uploads\/2025\/09\/digitale-transformations-strategie-gruen-e1757510699161.png?resize=1200%2C475&amp;quality=78&amp;ssl=1 1200w, https:\/\/i0.wp.com\/diselva.com\/wp-content\/uploads\/2025\/09\/digitale-transformations-strategie-gruen-e1757510699161.png?w=1785&amp;quality=78&amp;ssl=1 1785w\" sizes=\"auto, (max-width: 1024px) 100vw, 1024px\" \/><\/figure>\n\n\n\n<p class=\"wp-block-paragraph\"><strong>Analyse<\/strong><\/p>\n\n\n\n<p class=\"wp-block-paragraph\">In der Analysephase geht es um die Festlegung der Auslegeordnung, der Erhebung des Status Quo, der aktuellen Herausforderungen, Pain Points und potentiellen Ideen f\u00fcr die Zukunft.<\/p>\n\n\n\n<p class=\"wp-block-paragraph\">Dabei wird der Status Quo aus zwei Perspektiven beleuchtet.<\/p>\n\n\n\n<ul class=\"wp-block-list\">\n<li><strong>Inside-out:<\/strong> Aus Sicht der strategischen und operativen internen Stakeholdern<\/li>\n\n\n\n<li><strong>Outside-in: <\/strong>Involvierung und Befragung der B2B und B2C Endkundschaft als integraler Bestandteil<\/li>\n<\/ul>\n\n\n\n<p class=\"wp-block-paragraph\"><strong>Vision<\/strong><\/p>\n\n\n\n<p class=\"wp-block-paragraph\">Die Visionsphase bildet das \u00fcbergreifende, zentrale Element, welches anhand verschiedener Perspektiven verdeutlicht, wo Ihr Unternehmen in 3 &#8211; 5 Jahren stehen will.<\/p>\n\n\n\n<p class=\"wp-block-paragraph\">Die Erarbeitung dieses Zielbildes erfolgt aus drei Betrachtungsebenen heraus<\/p>\n\n\n\n<ul class=\"wp-block-list\">\n<li><strong>Business: <\/strong>Welche neuen Angebote, Produkte, Services oder Prozesse k\u00f6nnen erfolgswirksam und nachhaltig in Ihr bestehendes Angebot aufgenommen werden? Welches sind die Business-Hebel, um die gr\u00f6sste Wirkung zu erreichen? Wie erg\u00e4nzen sich digitale und analoge Prozesse?<\/li>\n\n\n\n<li><strong>Technologie: <\/strong>Welche \u00fcbergreifende Architektur sowie welche Systeme und L\u00f6sungen sind notwendig, um die Vision zur Realit\u00e4t werden zu lassen? Wie ist der gesamte Datenfluss innerhalb der Architektur und wird AI gewinnbringend eingesetzt.<\/li>\n<\/ul>\n\n\n\n<p class=\"wp-block-paragraph\"><strong>Transformation<\/strong><\/p>\n\n\n\n<p class=\"wp-block-paragraph\">In der Transformation erfolgt die schrittweise Planung des Vorgehens vom Status Quo hin zur entwickelten Vision.<\/p>\n\n\n\n<ul class=\"wp-block-list\">\n<li>Eine zentrale <strong>Roadmap<\/strong> zeigt die verschiedenen Streams, die zeitliche Einordnung und die gegenseitigen Abh\u00e4ngigkeiten auf.<\/li>\n\n\n\n<li>Die belastbare <strong>Investitionsempfehlung<\/strong> zeigt den Cash-out \u00fcber die kommenden Jahre auf.<\/li>\n\n\n\n<li>Mit unserer Empfehlung notwendiger Schritte f\u00fcr die <strong>Projekt- und die operative Organisation <\/strong>stellen wir die Transformation auf eine solide Basis und zeigen auch die notwendigen Massnahmen auf, um die Menschen auf <strong>kultureller, kommunikativer und wissensbasierter <\/strong>Ebene zu begleiten und mitzunehmen.<\/li>\n<\/ul>\n","protected":false},"excerpt":{"rendered":"<p>Die diselva Digitale Transformation Strategie im Detail.<\/p>\n","protected":false},"author":268896780,"featured_media":110821,"comment_status":"closed","ping_status":"closed","sticky":false,"template":"","format":"standard","meta":{"_acf_changed":false,"_eb_attr":"","_crdt_document":"","advanced_seo_description":"","jetpack_seo_html_title":"","jetpack_seo_noindex":false,"_jetpack_memberships_contains_paid_content":false,"footnotes":""},"categories":[1402,1939,1883],"tags":[],"thema":[1868],"class_list":["post-111415","post","type-post","status-publish","format-standard","has-post-thumbnail","hentry","category-digitale-transformation-strategie","category-digitalisierung-kmu","category-expertenartikel","thema-digitale-transformation"],"blocksy_meta":[],"acf":[],"jetpack_featured_media_url":"https:\/\/i0.wp.com\/diselva.com\/wp-content\/uploads\/2025\/09\/opengraph-diselva.png?fit=1200%2C630&quality=78&ssl=1","jetpack_sharing_enabled":true,"_links":{"self":[{"href":"https:\/\/diselva.com\/de\/wp-json\/wp\/v2\/posts\/111415","targetHints":{"allow":["GET"]}}],"collection":[{"href":"https:\/\/diselva.com\/de\/wp-json\/wp\/v2\/posts"}],"about":[{"href":"https:\/\/diselva.com\/de\/wp-json\/wp\/v2\/types\/post"}],"author":[{"embeddable":true,"href":"https:\/\/diselva.com\/de\/wp-json\/wp\/v2\/users\/268896780"}],"replies":[{"embeddable":true,"href":"https:\/\/diselva.com\/de\/wp-json\/wp\/v2\/comments?post=111415"}],"version-history":[{"count":13,"href":"https:\/\/diselva.com\/de\/wp-json\/wp\/v2\/posts\/111415\/revisions"}],"predecessor-version":[{"id":113714,"href":"https:\/\/diselva.com\/de\/wp-json\/wp\/v2\/posts\/111415\/revisions\/113714"}],"wp:featuredmedia":[{"embeddable":true,"href":"https:\/\/diselva.com\/de\/wp-json\/wp\/v2\/media\/110821"}],"wp:attachment":[{"href":"https:\/\/diselva.com\/de\/wp-json\/wp\/v2\/media?parent=111415"}],"wp:term":[{"taxonomy":"category","embeddable":true,"href":"https:\/\/diselva.com\/de\/wp-json\/wp\/v2\/categories?post=111415"},{"taxonomy":"post_tag","embeddable":true,"href":"https:\/\/diselva.com\/de\/wp-json\/wp\/v2\/tags?post=111415"},{"taxonomy":"thema","embeddable":true,"href":"https:\/\/diselva.com\/de\/wp-json\/wp\/v2\/thema?post=111415"}],"curies":[{"name":"wp","href":"https:\/\/api.w.org\/{rel}","templated":true}]}}