{"id":96934,"date":"2025-01-13T09:51:03","date_gmt":"2025-01-13T08:51:03","guid":{"rendered":"https:\/\/diselva.com\/2025\/01\/13\/willkommen-im-team\/"},"modified":"2025-09-17T21:01:18","modified_gmt":"2025-09-17T19:01:18","slug":"willkommen-im-team","status":"publish","type":"post","link":"https:\/\/diselva.com\/de\/blog\/willkommen-im-team\/","title":{"rendered":"Willkommen im Team!"},"content":{"rendered":"\n<p class=\"wp-block-paragraph\">Am 3. Januar 2025 durften wir kurz vor unserem zweiten Geburtstag zwei neue Mitarbeitende begr\u00fcssen: <a href=\"\/de\/team\/markus-heer\">Markus<\/a> und <a href=\"\/de\/team\/lukas-eggenberger\">Lukas<\/a>.<\/p>\n\n\n\n<!--more-->\n\n\n\n<div class=\"wp-block-group is-layout-grid wp-container-core-group-is-layout-485a1dab wp-block-group-is-layout-grid\">\n<figure class=\"wp-block-image size-thumbnail\"><img data-recalc-dims=\"1\" loading=\"lazy\" decoding=\"async\" width=\"400\" height=\"400\" src=\"https:\/\/i0.wp.com\/diselva.com\/wp-content\/uploads\/2025\/07\/diselva-markus-heer-oval-400x400.png?resize=400%2C400&#038;ssl=1\" alt=\"Markus Heer - Diselva AG\" class=\"wp-image-4865\" srcset=\"https:\/\/i0.wp.com\/diselva.com\/wp-content\/uploads\/2025\/07\/diselva-markus-heer-oval.png?resize=400%2C400&amp;quality=78&amp;ssl=1 400w, https:\/\/i0.wp.com\/diselva.com\/wp-content\/uploads\/2025\/07\/diselva-markus-heer-oval.png?resize=768%2C768&amp;quality=78&amp;ssl=1 768w, https:\/\/i0.wp.com\/diselva.com\/wp-content\/uploads\/2025\/07\/diselva-markus-heer-oval.png?resize=800%2C800&amp;quality=78&amp;ssl=1 800w, https:\/\/i0.wp.com\/diselva.com\/wp-content\/uploads\/2025\/07\/diselva-markus-heer-oval.png?resize=600%2C600&amp;quality=78&amp;ssl=1 600w, https:\/\/i0.wp.com\/diselva.com\/wp-content\/uploads\/2025\/07\/diselva-markus-heer-oval.png?resize=200%2C200&amp;quality=78&amp;ssl=1 200w, https:\/\/i0.wp.com\/diselva.com\/wp-content\/uploads\/2025\/07\/diselva-markus-heer-oval.png?w=1000&amp;quality=78&amp;ssl=1 1000w\" sizes=\"auto, (max-width: 400px) 100vw, 400px\" \/><\/figure>\n\n\n\n<figure class=\"wp-block-image size-thumbnail\"><img data-recalc-dims=\"1\" loading=\"lazy\" decoding=\"async\" width=\"400\" height=\"400\" src=\"https:\/\/i0.wp.com\/diselva.com\/wp-content\/uploads\/2025\/07\/diselva-lukas-eggenberger-oval-400x400.png?resize=400%2C400&#038;ssl=1\" alt=\"Lukas Eggenberger - Diselva AG\" class=\"wp-image-4867\" srcset=\"https:\/\/i0.wp.com\/diselva.com\/wp-content\/uploads\/2025\/07\/diselva-lukas-eggenberger-oval.png?resize=400%2C400&amp;quality=78&amp;ssl=1 400w, https:\/\/i0.wp.com\/diselva.com\/wp-content\/uploads\/2025\/07\/diselva-lukas-eggenberger-oval.png?resize=768%2C768&amp;quality=78&amp;ssl=1 768w, https:\/\/i0.wp.com\/diselva.com\/wp-content\/uploads\/2025\/07\/diselva-lukas-eggenberger-oval.png?resize=800%2C800&amp;quality=78&amp;ssl=1 800w, https:\/\/i0.wp.com\/diselva.com\/wp-content\/uploads\/2025\/07\/diselva-lukas-eggenberger-oval.png?resize=600%2C600&amp;quality=78&amp;ssl=1 600w, https:\/\/i0.wp.com\/diselva.com\/wp-content\/uploads\/2025\/07\/diselva-lukas-eggenberger-oval.png?resize=200%2C200&amp;quality=78&amp;ssl=1 200w, https:\/\/i0.wp.com\/diselva.com\/wp-content\/uploads\/2025\/07\/diselva-lukas-eggenberger-oval.png?w=1000&amp;quality=78&amp;ssl=1 1000w\" sizes=\"auto, (max-width: 400px) 100vw, 400px\" \/><\/figure>\n<\/div>\n\n\n\n<p class=\"wp-block-paragraph\">Mit Markus gewinnen wir einen erfahrenen Weggef\u00e4hrten mit rund 25 Jahren Erfahrung als Techie und \u00fcber 10 Jahren als Software- und Solution-Architect. Sein herausragendes Profil st\u00e4rkt unsere Beratungskompetenz enorm. Er ist bereits der sechste Software, Solution, Enterprise Architect in unserem Team. Eine Teamkonstellation, um die uns viele andere Unternehmen in unserer Branche beneiden. Markus hat in den letzten 20 Jahren sowohl auf renommierten grossen und internationalen Accounts, als auch f\u00fcr kleine hochspezialisierte KMUs gearbeitet und mit diesen Unternehmen erfolgreich Software- und Architekturprojekte (von Evaluationen, Reviews, Consulting-Auftr\u00e4gen bis hin zu Implementierungen) durchgef\u00fchrt.<\/p>\n\n\n\n<p class=\"wp-block-paragraph\">Neben dem Wachstum mit solchen sehr erfahrenen Experten, erfordert unsere Strategie auch eine gezielte Nachwuchsf\u00f6rderung. Mit Lukas, unserem ersten Mitarbeiter direkt von der Uni und Vertreter der Generation Z, setzen wir hier an. Lukas beeindruckt durch seinen Unternehmergeist. Bereits w\u00e4hrend der Kantonsschule gr\u00fcndete er eine erfolgreiche Schreinerei inklusive digitalem B2B-Gesch\u00e4ftsmodell. Sein Studium an der HSG, seine Berufserfahrung (u.a. bei KPMG) und seine autodidaktisch erworbenen Tech-Skills machen ihn zur idealen Erg\u00e4nzung unseres Teams.<\/p>\n\n\n\n<p class=\"wp-block-paragraph\">Wir freuen uns sehr auf die Kombination aus viel Erfahrung und wertvollen Skills, Anpacken und \u00c4rmel hochkrempeln, Neugierde und neuen Perspektiven, Top-Bildungshintergrund, zertifiziertem Know-how und vor allem auf die Freude, Kunden weiterzubringen, die Lukas und Markus mitbringen. Beste Voraussetzungen, um auch bei und mit uns durchzustarten.<\/p>\n\n\n\n<p class=\"wp-block-paragraph\">Mit diesen Neueinstellungen verfolgen wir konsequent unseren strategischen Plan und sch\u00e4rfen unser Profil als IT-Beratungsboutique weiter. Diesen Plan, eine solche Boutique aufzubauen, wie eine Erfahrungspyramide in diesem Umfeld aussieht und wie unsere Kunden davon profitieren, erl\u00e4utere ich zu einem sp\u00e4teren Zeitpunkt in einem separaten Post.<\/p>\n\n\n\n<p class=\"wp-block-paragraph\">Wir freuen uns sehr auf die gemeinsame Zusammenarbeit mit Markus und Lukas und w\u00fcnschen beiden einen tollen Start!<\/p>\n","protected":false},"excerpt":{"rendered":"<p>Willkommen im Team, Markus und Lukas! Diselva stellt zwei neue Mitarbeiter mit Expertise und Unternehmergeist vor.<\/p>\n","protected":false},"author":268896783,"featured_media":112810,"comment_status":"closed","ping_status":"closed","sticky":false,"template":"","format":"standard","meta":{"_acf_changed":false,"_eb_attr":"","_crdt_document":"","advanced_seo_description":"","jetpack_seo_html_title":"","jetpack_seo_noindex":false,"_jetpack_memberships_contains_paid_content":false,"footnotes":""},"categories":[1364,1882,1],"tags":[],"thema":[],"class_list":["post-96934","post","type-post","status-publish","format-standard","has-post-thumbnail","hentry","category-consulting","category-blogpost","category-news"],"blocksy_meta":[],"acf":[],"jetpack_featured_media_url":"https:\/\/i0.wp.com\/diselva.com\/wp-content\/uploads\/2025\/09\/markus-lukas-teaser.jpg?fit=1200%2C630&quality=83&ssl=1","jetpack_sharing_enabled":true,"_links":{"self":[{"href":"https:\/\/diselva.com\/de\/wp-json\/wp\/v2\/posts\/96934","targetHints":{"allow":["GET"]}}],"collection":[{"href":"https:\/\/diselva.com\/de\/wp-json\/wp\/v2\/posts"}],"about":[{"href":"https:\/\/diselva.com\/de\/wp-json\/wp\/v2\/types\/post"}],"author":[{"embeddable":true,"href":"https:\/\/diselva.com\/de\/wp-json\/wp\/v2\/users\/268896783"}],"replies":[{"embeddable":true,"href":"https:\/\/diselva.com\/de\/wp-json\/wp\/v2\/comments?post=96934"}],"version-history":[{"count":7,"href":"https:\/\/diselva.com\/de\/wp-json\/wp\/v2\/posts\/96934\/revisions"}],"predecessor-version":[{"id":112821,"href":"https:\/\/diselva.com\/de\/wp-json\/wp\/v2\/posts\/96934\/revisions\/112821"}],"wp:featuredmedia":[{"embeddable":true,"href":"https:\/\/diselva.com\/de\/wp-json\/wp\/v2\/media\/112810"}],"wp:attachment":[{"href":"https:\/\/diselva.com\/de\/wp-json\/wp\/v2\/media?parent=96934"}],"wp:term":[{"taxonomy":"category","embeddable":true,"href":"https:\/\/diselva.com\/de\/wp-json\/wp\/v2\/categories?post=96934"},{"taxonomy":"post_tag","embeddable":true,"href":"https:\/\/diselva.com\/de\/wp-json\/wp\/v2\/tags?post=96934"},{"taxonomy":"thema","embeddable":true,"href":"https:\/\/diselva.com\/de\/wp-json\/wp\/v2\/thema?post=96934"}],"curies":[{"name":"wp","href":"https:\/\/api.w.org\/{rel}","templated":true}]}}