{"id":96964,"date":"2024-11-19T09:51:02","date_gmt":"2024-11-19T08:51:02","guid":{"rendered":"https:\/\/diselva.com\/2024\/11\/19\/diselva-goes-fh-graubuenden\/"},"modified":"2025-11-07T11:33:18","modified_gmt":"2025-11-07T10:33:18","slug":"diselva-goes-fh-graubuenden","status":"publish","type":"post","link":"https:\/\/diselva.com\/de\/blog\/diselva-goes-fh-graubuenden\/","title":{"rendered":"diselva goes FH Graub\u00fcnden"},"content":{"rendered":"\n<p class=\"wp-block-paragraph\">Im September 2024 haben <a href=\"\/de\/blog\/author\/nicole-kerber\" rel=\"noopener\"><em>Nicole Kerber<\/em><\/a> und\u00a0 <a href=\"\/de\/team\/michael-pertek\"><em>Michael Pertek<\/em><\/a> von <a href=\"\/de\/\" rel=\"noopener\"><em>diselva<\/em><\/a> die herausfordernde und spannende Aufgabe \u00fcbernommen, gemeinsam mit dem neuen <a href=\"https:\/\/www.linkedin.com\/in\/armandoschaer\/\" rel=\"noopener\"><em>Prorektor Prof. Dr. Armando Sch\u00e4r<\/em><\/a> und dem<em> <a href=\"https:\/\/www.linkedin.com\/in\/michael-forster-gr\/\" rel=\"noopener\">Director of Studies Digital Business Management, Prof. Michael Forster<\/a>,<\/em> Erstsemester-Studierende des Studiengangs <em>Digital Business Management an der FH Graub\u00fcnden<\/em> zu begleiten und sie in das zukunftsweisende Thema \u00abState of Digital Business\u00bb einzuf\u00fchren. Dieser Lehrauftrag bietet <a href=\"\/de\/\" rel=\"noopener\">diselva<\/a> die M\u00f6glichkeit, die n\u00e4chste Generation von digital Leadern fr\u00fchzeitig auf die Anforderungen und M\u00f6glichkeiten der digitalen Welt vorzubereiten und zu begeistern.<\/p>\n\n\n\n<!--more-->\n\n\n\n<figure class=\"wp-block-image\"><img data-recalc-dims=\"1\" decoding=\"async\" src=\"https:\/\/i0.wp.com\/diselva.com\/wp-content\/uploads\/2025\/07\/DALL%C2%B7E-2024-11-19-15.00.45-A-visually-engaging-illustration-representing-the-concept-of-digital-business-and-its-evolution-enhanced-with-elements-of-nature-and-wood.-The-scene-.webp?w=1360&#038;quality=78&#038;ssl=1\" alt=\"DALL\u00b7E 2024-11-19 15.00.45 - A visually engaging illustration representing the concept of digital business and its evolution, enhanced with elements of nature and wood. The scene \"\/><\/figure>\n\n\n\n<p class=\"wp-block-paragraph\">Der Schwerpunkt unserer Lehrt\u00e4tigkeit liegt darauf, ein fundiertes Verst\u00e4ndnis f\u00fcr die Grundlagen und Treiber des <a href=\"https:\/\/www.fhgr.ch\/studium\/bachelorangebot\/wirtschaft-und-dienstleistung\/digital-business-management\/?utm_campaign=DBM%20BSc-2025__sea&amp;utm_source=google&amp;utm_medium=cpc&amp;utm_content=sea__branding-digital_business_management__20240816_20250831&amp;utm_type=sea-branding__bofu__interesse&amp;gad_source=1&amp;gclid=Cj0KCQiAi_G5BhDXARIsAN5SX7oN3yGcxe-VGzDHMVdK65NVKFXlPcp5RMz160XXXjVCCshEBLzVhOYaArGpEALw_wcB\" rel=\"noopener\"><em>Digital Business<\/em><\/a> zu vermitteln sowie die Auswirkungen der Digitalisierung auf Unternehmen und Gesellschaft aufzuzeigen. Die Veranstaltung kombiniert theoretische Inhalte mit praxisnahen Einblicken und einem intensiven Austausch mit erfahrenen Experten aus der Praxis. Dadurch erhalten die Studierenden nicht nur fundiertes theoretisches Wissen, sondern auch einen realistischen Einblick in die Arbeitsweise und Anforderungen der digitalen Branche und setzen es in den Kontext der existierenden digitalen und analogen Welt.<\/p>\n\n\n\n<p class=\"wp-block-paragraph\">Wir von <a href=\"\/de\/\" rel=\"noopener\">diselva<\/a> freuen uns darauf, gemeinsam mit den Studierenden und der FH Graub\u00fcnden die digitale Kompetenz der n\u00e4chsten Generation zu formen und zu st\u00e4rken sowie ein praxisnahes Verst\u00e4ndnis f\u00fcr die vielseitigen Facetten des Digital Business zu f\u00f6rdern.&nbsp;<\/p>\n\n\n\n<p class=\"wp-block-paragraph\"><a id=\"contact\" class=\"button is-dark\" href=\"mailto:hello@diselva.com\">Kontaktaufnahme<\/a><\/p>\n","protected":false},"excerpt":{"rendered":"<p>Erfahren Sie, wie diselva mit der FH Graub\u00fcnden zusammenarbeitet, um die digitale Zukunft aktiv mitzugestalten. Mehr dazu in unserem Blog!<\/p>\n","protected":false},"author":268896779,"featured_media":112797,"comment_status":"closed","ping_status":"closed","sticky":false,"template":"","format":"standard","meta":{"_acf_changed":false,"_eb_attr":"","_crdt_document":"","advanced_seo_description":"","jetpack_seo_html_title":"","jetpack_seo_noindex":false,"_jetpack_memberships_contains_paid_content":false,"footnotes":""},"categories":[1882,1,1911],"tags":[],"thema":[],"class_list":["post-96964","post","type-post","status-publish","format-standard","has-post-thumbnail","hentry","category-blogpost","category-news","category-weiterbildung"],"blocksy_meta":[],"acf":[],"jetpack_featured_media_url":"https:\/\/i0.wp.com\/diselva.com\/wp-content\/uploads\/2025\/09\/fhgr-teaser.jpg?fit=1200%2C630&quality=83&ssl=1","jetpack_sharing_enabled":true,"_links":{"self":[{"href":"https:\/\/diselva.com\/de\/wp-json\/wp\/v2\/posts\/96964","targetHints":{"allow":["GET"]}}],"collection":[{"href":"https:\/\/diselva.com\/de\/wp-json\/wp\/v2\/posts"}],"about":[{"href":"https:\/\/diselva.com\/de\/wp-json\/wp\/v2\/types\/post"}],"author":[{"embeddable":true,"href":"https:\/\/diselva.com\/de\/wp-json\/wp\/v2\/users\/268896779"}],"replies":[{"embeddable":true,"href":"https:\/\/diselva.com\/de\/wp-json\/wp\/v2\/comments?post=96964"}],"version-history":[{"count":6,"href":"https:\/\/diselva.com\/de\/wp-json\/wp\/v2\/posts\/96964\/revisions"}],"predecessor-version":[{"id":114876,"href":"https:\/\/diselva.com\/de\/wp-json\/wp\/v2\/posts\/96964\/revisions\/114876"}],"wp:featuredmedia":[{"embeddable":true,"href":"https:\/\/diselva.com\/de\/wp-json\/wp\/v2\/media\/112797"}],"wp:attachment":[{"href":"https:\/\/diselva.com\/de\/wp-json\/wp\/v2\/media?parent=96964"}],"wp:term":[{"taxonomy":"category","embeddable":true,"href":"https:\/\/diselva.com\/de\/wp-json\/wp\/v2\/categories?post=96964"},{"taxonomy":"post_tag","embeddable":true,"href":"https:\/\/diselva.com\/de\/wp-json\/wp\/v2\/tags?post=96964"},{"taxonomy":"thema","embeddable":true,"href":"https:\/\/diselva.com\/de\/wp-json\/wp\/v2\/thema?post=96964"}],"curies":[{"name":"wp","href":"https:\/\/api.w.org\/{rel}","templated":true}]}}