{"id":97331,"date":"2023-11-06T09:50:57","date_gmt":"2023-11-06T08:50:57","guid":{"rendered":"https:\/\/diselva.com\/2023\/11\/06\/herzlich-willkommen-petra\/"},"modified":"2025-09-17T21:17:02","modified_gmt":"2025-09-17T19:17:02","slug":"herzlich-willkommen-petra","status":"publish","type":"post","link":"https:\/\/diselva.com\/de\/blog\/herzlich-willkommen-petra\/","title":{"rendered":"Herzlich willkommen, Petra!"},"content":{"rendered":"\n<p class=\"wp-block-paragraph\">Seit Februar 2023 gibt es diselva und wir werden in K\u00fcrze 9 Monate alt. Dass in 9 Monaten einiges passieren kann, k\u00f6nnen wir (und aus aktuellem Anlass insbesondere Poldi &#8211; nochmals herzlichen Gl\u00fcckwunsch!) best\u00e4tigen. Von einem Teil davon hat <a href=\"\/de\/blog\/author\/michael-pertek\" rel=\"noopener\">Michael Pertek<\/a> bereits berichtet (<a href=\"\/de\/blog\/nur-nette-worte-reichen-nicht\" rel=\"noopener\">Teil 1<\/a> &amp; <a href=\"\/de\/blog\/100-tage-selbstst%C3%A4ndig-und-die-frage-nach-der-positionierung\" rel=\"noopener\">Teil 2<\/a>). Einige wichtige (und auch einige weniger wichtige) Meilensteine haben wir bereits hinter uns:<\/p>\n\n\n\n<!--more-->\n\n\n\n<ul class=\"wp-block-list\">\n<li>Erster Kunde gewonnen<\/li>\n\n\n\n<li>Erster Pitch verloren<\/li>\n\n\n\n<li>Erster Lohn ausbezahlt<\/li>\n\n\n\n<li>Erste OFFA-, OpenAir- und OLMA-Feiertage (ja, das gibt es bei uns &#8211; die drei O&#8217;s m\u00fcssen geb\u00fchrend zelebriert werden!) bezogen<\/li>\n\n\n\n<li>Erster Mietvertrag unterschrieben<\/li>\n\n\n\n<li>Erste USP- und ICP-Sch\u00e4rfung hinter uns<\/li>\n\n\n\n<li>Etc.<\/li>\n<\/ul>\n\n\n\n<p class=\"wp-block-paragraph\">Nun haben wir in der jungen Firmengeschichte aber einen weiteren Meilenstein erreicht, der zum ersten Mal Alles ver\u00e4ndert. Seit dem 1. November sind nicht mehr nur Partnerinnen und Partner Teil von diselva. Wir durften mit <a href=\"\/de\/blog\/author\/petra-michel\" rel=\"noopener\">Petra<\/a> unsere erste diselva Mitarbeiterin begr\u00fcssen und freuen uns riesig dar\u00fcber!<\/p>\n\n\n\n<figure class=\"wp-block-image aligncenter size-thumbnail is-resized\"><img data-recalc-dims=\"1\" loading=\"lazy\" decoding=\"async\" width=\"400\" height=\"400\" src=\"https:\/\/i0.wp.com\/diselva.com\/wp-content\/uploads\/2025\/07\/diselva_petra-michel-oval-400x400.png?resize=400%2C400&#038;ssl=1\" alt=\"Petra Michel - Diselva AG\" class=\"wp-image-4962\" style=\"width:360px\" srcset=\"https:\/\/i0.wp.com\/diselva.com\/wp-content\/uploads\/2025\/07\/diselva_petra-michel-oval.png?resize=400%2C400&amp;quality=78&amp;ssl=1 400w, https:\/\/i0.wp.com\/diselva.com\/wp-content\/uploads\/2025\/07\/diselva_petra-michel-oval.png?resize=1024%2C1024&amp;quality=78&amp;ssl=1 1024w, https:\/\/i0.wp.com\/diselva.com\/wp-content\/uploads\/2025\/07\/diselva_petra-michel-oval.png?resize=768%2C768&amp;quality=78&amp;ssl=1 768w, https:\/\/i0.wp.com\/diselva.com\/wp-content\/uploads\/2025\/07\/diselva_petra-michel-oval.png?resize=1536%2C1536&amp;quality=78&amp;ssl=1 1536w, https:\/\/i0.wp.com\/diselva.com\/wp-content\/uploads\/2025\/07\/diselva_petra-michel-oval.png?resize=1200%2C1200&amp;quality=78&amp;ssl=1 1200w, https:\/\/i0.wp.com\/diselva.com\/wp-content\/uploads\/2025\/07\/diselva_petra-michel-oval.png?resize=800%2C800&amp;quality=78&amp;ssl=1 800w, https:\/\/i0.wp.com\/diselva.com\/wp-content\/uploads\/2025\/07\/diselva_petra-michel-oval.png?resize=600%2C600&amp;quality=78&amp;ssl=1 600w, https:\/\/i0.wp.com\/diselva.com\/wp-content\/uploads\/2025\/07\/diselva_petra-michel-oval.png?resize=200%2C200&amp;quality=78&amp;ssl=1 200w, https:\/\/i0.wp.com\/diselva.com\/wp-content\/uploads\/2025\/07\/diselva_petra-michel-oval.png?w=1987&amp;quality=78&amp;ssl=1 1987w\" sizes=\"auto, (max-width: 400px) 100vw, 400px\" \/><\/figure>\n\n\n\n<p class=\"wp-block-paragraph\"><a href=\"\/de\/blog\/author\/petra-michel\" rel=\"noopener\">Petra<\/a> ist eine sehr gesch\u00e4tzte Weggef\u00e4hrtin aus unserer beruflicher Vergangenheit. Wir kennen uns gut und haben gemeinsam schon auf so einigen Projekten f\u00fcr unterschiedliche Kunden zusammengearbeitet. Um so gr\u00f6sser ist unser Stolz, dass sich Petra daf\u00fcr entschieden hat, diselva als ihre neue Arbeitgeberin zu w\u00e4hlen.&nbsp;<\/p>\n\n\n\n<p class=\"wp-block-paragraph\">Petras Skills erg\u00e4nzen uns perfekt. Wir konnten eine ausgewiesene Frontend Expertin gewinnen und schliessen so eine L\u00fccke. Mit Petras Frontend K\u00fcnsten k\u00f6nnen wir unsere Kunden noch umfassender bedienen und werden dem Trend gerecht, dass Customer Journeys und User Experience auch im B2B-Umfeld immer wichtiger und von Kunden erwartet werden.<\/p>\n\n\n\n<p class=\"wp-block-paragraph\">Grosse internationale und finanziell gef\u00fchrte Firmen w\u00fcrden mit Stolz verk\u00fcnden, dass sie 2023 eine \u201corganic growth rate\u201d von fantastischen 10% hatten. Wir lassen uns diesbez\u00fcglich aber von Emotionen leiten und freuen uns einfach, dass der Aufbau von diselva weiter voranschreitet und wir mit <a href=\"\/de\/blog\/author\/petra-michel\" rel=\"noopener\">Petra<\/a> unsere erste Mitarbeiterin begr\u00fcssen d\u00fcrfen. Selbstverst\u00e4ndlich haben wir auch Respekt davor, die Verantwortung einer guten Arbeitgeberin zu \u00fcbernehmen. Darum haben wir diesen Schritt intensiv diskutiert und uns sehr gut \u00fcberlegt, ob wir ihn gehen wollen. Wir sind davon \u00fcberzeugt, dass nun der richtige Zeitpunkt gekommen ist und wir zuerst Petra und dann hoffentlich auch weiteren Mitarbeiterinnen und Mitarbeitern ein Umfeld bieten k\u00f6nnen, in dem wir uns alle wohl f\u00fchlen.<\/p>\n\n\n\n<p class=\"wp-block-paragraph\">Der Grundstein f\u00fcr ein gesundes Wachstum auf einem soliden Fundament ist gelegt. Aufbauend darauf werden wir hoffentlich bald die n\u00e4chsten Schritte machen k\u00f6nnen.<\/p>\n\n\n\n<p class=\"wp-block-paragraph\">Herzlich willkommen, Petra! Wir w\u00fcnschen Dir einen super Start!<\/p>\n\n\n\n<p class=\"wp-block-paragraph\"><a id=\"contact\" class=\"button is-dark\" href=\"mailto:hello@diselva.com\">Kontaktaufnahme<\/a><\/p>\n","protected":false},"excerpt":{"rendered":"<p>diselva w\u00e4chst! Mit Petra begr\u00fcssen wir unsere erste Mitarbeiterin und verst\u00e4rken unsere Frontend-Expertise f\u00fcr noch bessere digitale L\u00f6sungen.<\/p>\n","protected":false},"author":268896783,"featured_media":112811,"comment_status":"closed","ping_status":"closed","sticky":false,"template":"","format":"standard","meta":{"_acf_changed":false,"_eb_attr":"","_crdt_document":"","advanced_seo_description":"","jetpack_seo_html_title":"","jetpack_seo_noindex":false,"_jetpack_memberships_contains_paid_content":false,"footnotes":""},"categories":[1882,1,1371,1406],"tags":[],"thema":[],"class_list":["post-97331","post","type-post","status-publish","format-standard","has-post-thumbnail","hentry","category-blogpost","category-news","category-software-data-architect-technology-lead","category-solution-software-architecture"],"blocksy_meta":[],"acf":[],"jetpack_featured_media_url":"https:\/\/i0.wp.com\/diselva.com\/wp-content\/uploads\/2025\/09\/petra-teaser.jpg?fit=1200%2C630&quality=83&ssl=1","jetpack_sharing_enabled":true,"_links":{"self":[{"href":"https:\/\/diselva.com\/de\/wp-json\/wp\/v2\/posts\/97331","targetHints":{"allow":["GET"]}}],"collection":[{"href":"https:\/\/diselva.com\/de\/wp-json\/wp\/v2\/posts"}],"about":[{"href":"https:\/\/diselva.com\/de\/wp-json\/wp\/v2\/types\/post"}],"author":[{"embeddable":true,"href":"https:\/\/diselva.com\/de\/wp-json\/wp\/v2\/users\/268896783"}],"replies":[{"embeddable":true,"href":"https:\/\/diselva.com\/de\/wp-json\/wp\/v2\/comments?post=97331"}],"version-history":[{"count":4,"href":"https:\/\/diselva.com\/de\/wp-json\/wp\/v2\/posts\/97331\/revisions"}],"predecessor-version":[{"id":113018,"href":"https:\/\/diselva.com\/de\/wp-json\/wp\/v2\/posts\/97331\/revisions\/113018"}],"wp:featuredmedia":[{"embeddable":true,"href":"https:\/\/diselva.com\/de\/wp-json\/wp\/v2\/media\/112811"}],"wp:attachment":[{"href":"https:\/\/diselva.com\/de\/wp-json\/wp\/v2\/media?parent=97331"}],"wp:term":[{"taxonomy":"category","embeddable":true,"href":"https:\/\/diselva.com\/de\/wp-json\/wp\/v2\/categories?post=97331"},{"taxonomy":"post_tag","embeddable":true,"href":"https:\/\/diselva.com\/de\/wp-json\/wp\/v2\/tags?post=97331"},{"taxonomy":"thema","embeddable":true,"href":"https:\/\/diselva.com\/de\/wp-json\/wp\/v2\/thema?post=97331"}],"curies":[{"name":"wp","href":"https:\/\/api.w.org\/{rel}","templated":true}]}}