{"id":97447,"date":"2023-09-11T09:51:08","date_gmt":"2023-09-11T07:51:08","guid":{"rendered":"https:\/\/diselva.com\/2023\/09\/11\/die-teilzeitarbeit-als-projektleiterin-verantwortung-uebernehmen-im-reduzierten-pensum\/"},"modified":"2025-09-22T17:00:29","modified_gmt":"2025-09-22T15:00:29","slug":"die-teilzeitarbeit-als-projektleiterin-verantwortung-uebernehmen-im-reduzierten-pensum","status":"publish","type":"post","link":"https:\/\/diselva.com\/de\/blog\/die-teilzeitarbeit-als-projektleiterin-verantwortung-uebernehmen-im-reduzierten-pensum\/","title":{"rendered":"Die Teilzeitarbeit als Projektleiterin: Verantwortung \u00fcbernehmen im reduzierten Pensum"},"content":{"rendered":"\n<p class=\"wp-block-paragraph\">Die Arbeitswelt hat sich in den letzten Jahren zunehmend gewandelt, und mit ihr haben sich auch die traditionellen Arbeitsmodelle ver\u00e4ndert. Die Vereinbarkeit von Beruf und Familie ist eine Herausforderung, der sich viele Eltern stellen m\u00fcssen. In einer Welt, in der Karriere oft mit Vollzeitarbeit und langen Anwesenheiten im B\u00fcro verbunden wird, mag es zun\u00e4chst unvereinbar erscheinen, als Teilzeitarbeitende Verantwortung in einer Projektleitungsfunktion zu \u00fcbernehmen.<\/p>\n\n\n\n<!--more-->\n\n\n\n<p class=\"wp-block-paragraph\">Doch heute m\u00f6chte ich\u00a0 genau dieses Thema beleuchten: Die M\u00f6glichkeit, als Projektleiterin Verantwortung zu \u00fcbernehmen, selbst wenn man sich f\u00fcr ein reduziertes Arbeitspensum entscheidet.<\/p>\n\n\n\n<h2 class=\"wp-block-heading\">1. Flexibilit\u00e4t als Schl\u00fcssel zum Erfolg<\/h2>\n\n\n\n<p class=\"wp-block-paragraph\">Die moderne Arbeitswelt erfordert nicht zwangsl\u00e4ufig starre Arbeitszeiten, um effektiv zu sein. Die fortschreitende Digitalisierung und die Verf\u00fcgbarkeit vielf\u00e4ltiger Kommunikationsmittel erm\u00f6glichen es Mitarbeitenden, standortunabh\u00e4ngig zu arbeiten und in Echtzeit zu kommunizieren. Als Projektleiterin in einer Agentur bedeutet das, dass man in der Lage ist, Projekte auch ausserhalb der gew\u00f6hnlichen B\u00fcrozeiten im Blick zu behalten und auf unvorhergesehene Ereignisse angemessen zu reagieren. Es kann gelegentlich erforderlich sein, einen bedeutsamen gesch\u00e4ftlichen Termin an einem meiner &#8222;Mami-Tage&#8220; zu planen, um im Gegenzug an einem Arbeitstag mein Kind in den Kindergarten zu begleiten.&nbsp;<\/p>\n\n\n\n<h2 class=\"wp-block-heading\">2. Effiziente Zeitmanagement-F\u00e4higkeiten<\/h2>\n\n\n\n<p class=\"wp-block-paragraph\">Teilzeitarbeit erfordert eine exzellente Organisation und ein ausgekl\u00fcgeltes Zeitmanagement. Projektleitende m\u00fcssen ihre Zeit effizient nutzen, um sowohl die Projektziele als auch die eigenen Arbeitszeiten zu managen. Dies kann dazu f\u00fchren, dass man sich vermehrt auf die wesentlichen Aufgaben konzentriert und unwichtige Ablenkungen minimiert \u2013 ein Aspekt, der oft in Vollzeitanstellungen vernachl\u00e4ssigt wird. Ich gestehe, dass es in meinem Teilzeitarbeitsmodell eine zus\u00e4tzliche Herausforderung darstellt, interne Aufgaben zu \u00fcbernehmen. Das bedeutet, dass die Verteilung und Priorisierung administrativer Arbeiten koordiniert und durch andere Personen unterst\u00fctzt wird. In unserer Beziehung und unserem Arbeitsumfeld ist dies eine Selbstverst\u00e4ndlichkeit.<\/p>\n\n\n\n<h2 class=\"wp-block-heading\">3. Delegation und Teamarbeit<\/h2>\n\n\n\n<p class=\"wp-block-paragraph\">Die Arbeit als Projektleiterin erfordert oft die F\u00e4higkeit, Aufgaben zu delegieren und eng mit dem Team zusammenzuarbeiten. In einer Teilzeitposition wird diese Notwendigkeit noch st\u00e4rker betont. Hierbei geht es nicht nur darum, die Verantwortung zu teilen, sondern auch darum, die Teammitglieder zu bef\u00e4higen, informiert zu halten und deren Potenzial voll auszusch\u00f6pfen. Dies kann zu einer gesteigerten Teamdynamik und letztendlich zu besseren Projektergebnissen f\u00fchren.<\/p>\n\n\n\n<h2 class=\"wp-block-heading\">4. Klare Kommunikation als Grundpfeiler<\/h2>\n\n\n\n<p class=\"wp-block-paragraph\">Die Kommunikation innerhalb des Teams, mit den Kunden und dem privaten Umfeld, ist ein Schl\u00fcssel zum Erfolg in der Projektleitung. In einer Teilzeitposition kommt es noch mehr darauf an, die Kommunikation klar, pr\u00e4zise und rechtzeitig zu gestalten. Regelm\u00e4ssige Besprechungen, klare Projektpl\u00e4ne und offene Dialoge helfen, Missverst\u00e4ndnisse zu vermeiden und das Vertrauen der Stakeholder zu gewinnen. Ich habe meine Kunden bereits w\u00e4hrend unseres ersten Treffens \u00fcber meine Teilzeitarbeit informiert. Die anf\u00e4nglichen Bedenken wurden im Verlauf der Zeit zu positiven Erfahrungen auf Kundenseite umgewandelt.<\/p>\n\n\n\n<h2 class=\"wp-block-heading\">5. Die Kombination leben und Vorbild sein<\/h2>\n\n\n\n<p class=\"wp-block-paragraph\">Durch die Teilzeitarbeit kann ich nicht nur beruflich erfolgreich sein, sondern auch eine Vorbildfigur f\u00fcr meine Kinder und mein ganzes Umfeld darstellen. Mein Ziel ist es zu zeigen, dass es m\u00f6glich ist, berufliche Verantwortung zu tragen und gleichzeitig eine f\u00fcrsorgliche Mutter zu sein. Die Balance zwischen Arbeits- und Privatleben, basierend auf gegenseitiger Flexibilit\u00e4t, stellt zweifellos eine bedeutende organisatorische Herausforderung dar. Beruflich wie privat ben\u00f6tigt es zeitliche Zugest\u00e4ndnisse, die koordiniert werden m\u00fcssen. Dennoch bringt diese Balance auch erh\u00f6hte Freiheiten mit sich, die ich zu sch\u00e4tzen weiss und geniesse.<\/p>\n\n\n\n<h2 class=\"wp-block-heading\">Fazit<\/h2>\n\n\n\n<p class=\"wp-block-paragraph\">Insgesamt zeigt sich, dass die Teilzeitarbeit auch als Projektleiterin durchaus erfolgreich sein kann, solange die richtigen Strategien angewendet werden. Flexibilit\u00e4t, effizientes Zeitmanagement, Delegation, klare Kommunikation und die pers\u00f6nliche Freiheit sind entscheidende Faktoren, die dazu beitragen, Verantwortung auch im reduzierten Pensum zu \u00fcbernehmen. Die moderne Arbeitswelt er\u00f6ffnet immer mehr Chancen, unterschiedliche Aspekte des Lebens miteinander zu vereinen, ohne dabei berufliche Ambitionen aufgeben zu m\u00fcssen.<\/p>\n\n\n\n<p class=\"wp-block-paragraph\"><a id=\"contact\" class=\"button is-dark\" href=\"mailto:hello@diselva.com\">Kontaktaufnahme<\/a><\/p>\n","protected":false},"excerpt":{"rendered":"<p>Teilzeitarbeit als Projektleiterin: Mit Flexibilit\u00e4t, Zeitmanagement und klarer Kommunikation Verantwortung \u00fcbernehmen und Work-Life-Balance meistern.<\/p>\n","protected":false},"author":268896790,"featured_media":110821,"comment_status":"closed","ping_status":"closed","sticky":false,"template":"","format":"standard","meta":{"_acf_changed":false,"_eb_attr":"","_crdt_document":"","advanced_seo_description":"","jetpack_seo_html_title":"","jetpack_seo_noindex":false,"_jetpack_memberships_contains_paid_content":false,"footnotes":""},"categories":[1408,1883,1370],"tags":[],"thema":[1872],"class_list":["post-97447","post","type-post","status-publish","format-standard","has-post-thumbnail","hentry","category-begleitung-in-der-umsetzung-der-projekte","category-expertenartikel","category-project-manager-program-manager","thema-coaching-sparring-interims-management"],"blocksy_meta":[],"acf":[],"jetpack_featured_media_url":"https:\/\/i0.wp.com\/diselva.com\/wp-content\/uploads\/2025\/09\/opengraph-diselva.png?fit=1200%2C630&quality=78&ssl=1","jetpack_sharing_enabled":true,"_links":{"self":[{"href":"https:\/\/diselva.com\/de\/wp-json\/wp\/v2\/posts\/97447","targetHints":{"allow":["GET"]}}],"collection":[{"href":"https:\/\/diselva.com\/de\/wp-json\/wp\/v2\/posts"}],"about":[{"href":"https:\/\/diselva.com\/de\/wp-json\/wp\/v2\/types\/post"}],"author":[{"embeddable":true,"href":"https:\/\/diselva.com\/de\/wp-json\/wp\/v2\/users\/268896790"}],"replies":[{"embeddable":true,"href":"https:\/\/diselva.com\/de\/wp-json\/wp\/v2\/comments?post=97447"}],"version-history":[{"count":5,"href":"https:\/\/diselva.com\/de\/wp-json\/wp\/v2\/posts\/97447\/revisions"}],"predecessor-version":[{"id":111104,"href":"https:\/\/diselva.com\/de\/wp-json\/wp\/v2\/posts\/97447\/revisions\/111104"}],"wp:featuredmedia":[{"embeddable":true,"href":"https:\/\/diselva.com\/de\/wp-json\/wp\/v2\/media\/110821"}],"wp:attachment":[{"href":"https:\/\/diselva.com\/de\/wp-json\/wp\/v2\/media?parent=97447"}],"wp:term":[{"taxonomy":"category","embeddable":true,"href":"https:\/\/diselva.com\/de\/wp-json\/wp\/v2\/categories?post=97447"},{"taxonomy":"post_tag","embeddable":true,"href":"https:\/\/diselva.com\/de\/wp-json\/wp\/v2\/tags?post=97447"},{"taxonomy":"thema","embeddable":true,"href":"https:\/\/diselva.com\/de\/wp-json\/wp\/v2\/thema?post=97447"}],"curies":[{"name":"wp","href":"https:\/\/api.w.org\/{rel}","templated":true}]}}