{"id":117873,"date":"2026-08-13T11:52:07","date_gmt":"2026-08-13T09:52:07","guid":{"rendered":"https:\/\/diselva.com\/?p=117873"},"modified":"2026-08-24T10:16:01","modified_gmt":"2026-08-24T08:16:01","slug":"ai-apero","status":"publish","type":"post","link":"https:\/\/diselva.com\/en\/blog\/ai-apero\/","title":{"rendered":"AI Ap\u00e9ro"},"content":{"rendered":"\n<h3 class=\"wp-block-heading\">Drei Perspektiven. Ein Ziel: Erfahrungen teilen.<\/h3>\n\n\n\n<figure class=\"wp-block-image size-full\"><img data-recalc-dims=\"1\" loading=\"lazy\" decoding=\"async\" width=\"1360\" height=\"765\" src=\"https:\/\/i0.wp.com\/diselva.com\/wp-content\/uploads\/2026\/08\/AI-Apero-Visual-neu-neu-2.png?resize=1360%2C765&#038;quality=78&#038;ssl=1\" alt=\"\" class=\"wp-image-117913\" srcset=\"https:\/\/i0.wp.com\/diselva.com\/wp-content\/uploads\/2026\/08\/AI-Apero-Visual-neu-neu-2.png?w=1920&amp;quality=78&amp;ssl=1 1920w, https:\/\/i0.wp.com\/diselva.com\/wp-content\/uploads\/2026\/08\/AI-Apero-Visual-neu-neu-2.png?resize=1024%2C576&amp;quality=78&amp;ssl=1 1024w, https:\/\/i0.wp.com\/diselva.com\/wp-content\/uploads\/2026\/08\/AI-Apero-Visual-neu-neu-2.png?resize=400%2C225&amp;quality=78&amp;ssl=1 400w, https:\/\/i0.wp.com\/diselva.com\/wp-content\/uploads\/2026\/08\/AI-Apero-Visual-neu-neu-2.png?resize=768%2C432&amp;quality=78&amp;ssl=1 768w, https:\/\/i0.wp.com\/diselva.com\/wp-content\/uploads\/2026\/08\/AI-Apero-Visual-neu-neu-2.png?resize=1536%2C864&amp;quality=78&amp;ssl=1 1536w\" sizes=\"auto, (max-width: 1360px) 100vw, 1360px\" \/><\/figure>\n\n\n\n<div style=\"height:7px\" aria-hidden=\"true\" class=\"wp-block-spacer\"><\/div>\n\n\n\n<h3 class=\"wp-block-heading\">Artificial Intelligence (AI) erfolgreich einsetzen &#8211; was funktioniert wirklich?<\/h3>\n\n\n\n<p class=\"has-palette-color-9-color has-text-color has-link-color wp-elements-1 wp-block-paragraph\">K\u00fcnstliche Intelligenz entwickelt sich rasant. Viele Unternehmen fragen sich, wie sie AI sinnvoll einsetzen k\u00f6nnen. Andere haben bereits erste L\u00f6sungen eingef\u00fchrt und m\u00f6chten den n\u00e4chsten Schritt gehen.<\/p>\n\n\n\n<p class=\"has-palette-color-9-color has-text-color has-link-color wp-elements-2 wp-block-paragraph\">Doch zwischen Hype und Realit\u00e4t fehlt oft eines: der offene Austausch mit Unternehmen, die bereits praktische Erfahrungen gesammelt haben.<\/p>\n\n\n\n<p class=\"has-palette-color-9-color has-text-color has-link-color wp-elements-3 wp-block-paragraph\">Genau daf\u00fcr haben wir den AI Ap\u00e9ro ins Leben gerufen.<\/p>\n\n\n\n<p class=\"has-palette-color-9-color has-text-color has-link-color wp-elements-4 wp-block-paragraph\">Freuen Sie sich auf einen inspirierenden Abend mit spannenden Einblicken, unterschiedlichen Perspektiven und wertvollen Gespr\u00e4chen \u2013 ganz ohne Verkaufspr\u00e4sentationen.<\/p>\n\n\n\n<div style=\"height:13px\" aria-hidden=\"true\" class=\"wp-block-spacer\"><\/div>\n\n\n\n<h3 class=\"wp-block-heading\">Was Sie erwartet<\/h3>\n\n\n\n<ul class=\"wp-block-list\">\n<li class=\"has-palette-color-9-color has-text-color has-link-color wp-elements-5\">Inspirierende Kurzvortr\u00e4ge aus drei unterschiedlichen Perspektiven<\/li>\n\n\n\n<li class=\"has-palette-color-9-color has-text-color has-link-color wp-elements-6\">Praxisnahe Erfahrungen statt theoretischer Konzepte<\/li>\n\n\n\n<li class=\"has-palette-color-9-color has-text-color has-link-color wp-elements-7\">Offene Paneldiskussion mit den Referierenden<\/li>\n\n\n\n<li class=\"has-palette-color-9-color has-text-color has-link-color wp-elements-8\">Austausch mit Fachpersonen und anderen Unternehmen<\/li>\n\n\n\n<li class=\"has-palette-color-9-color has-text-color has-link-color wp-elements-9\">Ap\u00e9ro und Networking in entspannter Atmosph\u00e4re<\/li>\n<\/ul>\n\n\n\n<div style=\"height:23px\" aria-hidden=\"true\" class=\"wp-block-spacer\"><\/div>\n\n\n\n<h3 class=\"wp-block-heading\">Agenda<\/h3>\n\n\n\n<div class=\"wp-block-essential-blocks-accordion  root-eb-accordion-j5qsb\"><div class=\"eb-parent-wrapper eb-parent-eb-accordion-j5qsb \"><div class=\"eb-accordion-container eb-accordion-j5qsb\" data-accordion-type=\"accordion\" data-tab-icon=\"dashicons-plus-alt2\" data-expanded-icon=\"dashicons-minus\" data-transition-duration=\"500\"><div class=\"eb-accordion-inner\">\n<div class=\"wp-block-essential-blocks-accordion-item eb-accordion-item-jbbes eb-accordion-wrapper\" data-clickable=\"true\"><div class=\"eb-accordion-title-wrapper eb-accordion-title-wrapper-eb-accordion-j5qsb\" tabindex=\"0\"><span class=\"eb-accordion-icon-wrapper eb-accordion-icon-wrapper-eb-accordion-j5qsb\"><span class=\"dashicon dashicons dashicons-plus-alt2 eb-accordion-icon\"><\/span><\/span><div class=\"eb-accordion-title-content-wrap title-content-eb-accordion-j5qsb\"><h3 class=\"eb-accordion-title\">17.30 Uhr Langsames Einfinden<\/h3><\/div><\/div><div class=\"eb-accordion-content-wrapper eb-accordion-content-wrapper-eb-accordion-j5qsb\"><div class=\"eb-accordion-content\">\n<p class=\"wp-block-paragraph\"><\/p>\n<\/div><\/div><\/div>\n\n\n\n<div class=\"wp-block-essential-blocks-accordion-item eb-accordion-item-xfxnw eb-accordion-wrapper\" data-clickable=\"false\"><div class=\"eb-accordion-title-wrapper eb-accordion-title-wrapper-eb-accordion-j5qsb\" tabindex=\"0\"><span class=\"eb-accordion-icon-wrapper eb-accordion-icon-wrapper-eb-accordion-j5qsb\"><span class=\"dashicon dashicons dashicons-plus-alt2 eb-accordion-icon\"><\/span><\/span><div class=\"eb-accordion-title-content-wrap title-content-eb-accordion-j5qsb\"><h3 class=\"eb-accordion-title\">17.45 Uhr Willkommensrede <\/h3><\/div><\/div><div class=\"eb-accordion-content-wrapper eb-accordion-content-wrapper-eb-accordion-j5qsb\"><div class=\"eb-accordion-content\">\n<p class=\"wp-block-paragraph\"><\/p>\n<\/div><\/div><\/div>\n\n\n\n<div class=\"wp-block-essential-blocks-accordion-item eb-accordion-item-7e36t eb-accordion-wrapper\" data-clickable=\"false\"><div class=\"eb-accordion-title-wrapper eb-accordion-title-wrapper-eb-accordion-j5qsb\" tabindex=\"0\"><span class=\"eb-accordion-icon-wrapper eb-accordion-icon-wrapper-eb-accordion-j5qsb\"><span class=\"dashicon dashicons dashicons-plus-alt2 eb-accordion-icon\"><\/span><\/span><div class=\"eb-accordion-title-content-wrap title-content-eb-accordion-j5qsb\"><h3 class=\"eb-accordion-title\">18.00 Uhr Slot 1:<br>Ren\u00e9 Zwingli, Product Manager und Product Owner bei AVM engineering AG<\/h3><\/div><\/div><div class=\"eb-accordion-content-wrapper eb-accordion-content-wrapper-eb-accordion-j5qsb\"><div class=\"eb-accordion-content\">\n<p class=\"wp-block-paragraph\"><strong>AI Engineering bei avm<\/strong><br>Anwendungen im Bereich Industrie und Maschinenbau<br><\/p>\n\n\n\n<p class=\"wp-block-paragraph\"><a href=\"https:\/\/www.linkedin.com\/in\/renezw\/\">Ren\u00e9 Zwingli LinkedIn<\/a><\/p>\n<\/div><\/div><\/div>\n\n\n\n<div class=\"wp-block-essential-blocks-accordion-item eb-accordion-item-qrsjs eb-accordion-wrapper\" data-clickable=\"false\"><div class=\"eb-accordion-title-wrapper eb-accordion-title-wrapper-eb-accordion-j5qsb\" tabindex=\"0\"><span class=\"eb-accordion-icon-wrapper eb-accordion-icon-wrapper-eb-accordion-j5qsb\"><span class=\"dashicon dashicons dashicons-plus-alt2 eb-accordion-icon\"><\/span><\/span><div class=\"eb-accordion-title-content-wrap title-content-eb-accordion-j5qsb\"><h3 class=\"eb-accordion-title\">18.15 Uhr Slot 2:<br>Bernd Jansen, Enterprise Architect u. Partner &#038; Markus Heer, Solution Architect bei Diselva AG<\/h3><\/div><\/div><div class=\"eb-accordion-content-wrapper eb-accordion-content-wrapper-eb-accordion-j5qsb\"><div class=\"eb-accordion-content\">\n<p class=\"wp-block-paragraph\"><strong>AI-Beratung in der Praxis<\/strong><\/p>\n\n\n\n<p class=\"wp-block-paragraph\">Kundencases und Learnings aus unserem Beratungsalltag<br><br><a href=\"https:\/\/www.linkedin.com\/in\/bernd-jansen-50b801\/\">Bernd Jansen LinkedIn<\/a><br><a href=\"https:\/\/www.linkedin.com\/in\/markusheer\/\">Markus Heer LinkedIn<\/a><\/p>\n<\/div><\/div><\/div>\n\n\n\n<div class=\"wp-block-essential-blocks-accordion-item eb-accordion-item-0erkh eb-accordion-wrapper\" data-clickable=\"false\"><div class=\"eb-accordion-title-wrapper eb-accordion-title-wrapper-eb-accordion-j5qsb\" tabindex=\"0\"><span class=\"eb-accordion-icon-wrapper eb-accordion-icon-wrapper-eb-accordion-j5qsb\"><span class=\"dashicon dashicons dashicons-plus-alt2 eb-accordion-icon\"><\/span><\/span><div class=\"eb-accordion-title-content-wrap title-content-eb-accordion-j5qsb\"><h3 class=\"eb-accordion-title\">18.30 Uhr Slot 3:<br>Michael Schirmer, Director Product Management bei Frontify<\/h3><\/div><\/div><div class=\"eb-accordion-content-wrapper eb-accordion-content-wrapper-eb-accordion-j5qsb\"><div class=\"eb-accordion-content\">\n<p class=\"wp-block-paragraph\"><strong>AI aus Produkt-Sicht<\/strong><br>Welchen Impact AI auf unsere Produktstrategie hat<br><br><a href=\"https:\/\/www.linkedin.com\/in\/michael-schirmer-539692b2\/\">Michael Schirmer LinkedIn<\/a><\/p>\n<\/div><\/div><\/div>\n\n\n\n<div class=\"wp-block-essential-blocks-accordion-item eb-accordion-item-bzh3l eb-accordion-wrapper\" data-clickable=\"false\"><div class=\"eb-accordion-title-wrapper eb-accordion-title-wrapper-eb-accordion-j5qsb\" tabindex=\"0\"><span class=\"eb-accordion-icon-wrapper eb-accordion-icon-wrapper-eb-accordion-j5qsb\"><span class=\"dashicon dashicons dashicons-plus-alt2 eb-accordion-icon\"><\/span><\/span><div class=\"eb-accordion-title-content-wrap title-content-eb-accordion-j5qsb\"><h3 class=\"eb-accordion-title\">18.45 Uhr Paneldiskussion:<br>David Hugi, Inhaber Fabrik 12<\/h3><\/div><\/div><div class=\"eb-accordion-content-wrapper eb-accordion-content-wrapper-eb-accordion-j5qsb\"><div class=\"eb-accordion-content\"><\/div><\/div><\/div>\n\n\n\n<div class=\"wp-block-essential-blocks-accordion-item eb-accordion-item-uj7ba eb-accordion-wrapper\" data-clickable=\"false\"><div class=\"eb-accordion-title-wrapper eb-accordion-title-wrapper-eb-accordion-j5qsb\" tabindex=\"0\"><span class=\"eb-accordion-icon-wrapper eb-accordion-icon-wrapper-eb-accordion-j5qsb\"><span class=\"dashicon dashicons dashicons-plus-alt2 eb-accordion-icon\"><\/span><\/span><div class=\"eb-accordion-title-content-wrap title-content-eb-accordion-j5qsb\"><h3 class=\"eb-accordion-title\">19.15 Uhr Ap\u00e9ro und Networking<\/h3><\/div><\/div><div class=\"eb-accordion-content-wrapper eb-accordion-content-wrapper-eb-accordion-j5qsb\"><div class=\"eb-accordion-content\"><\/div><\/div><\/div>\n<\/div><\/div><\/div><\/div>\n\n\n\n<div style=\"height:12px\" aria-hidden=\"true\" class=\"wp-block-spacer\"><\/div>\n\n\n\n<h3 class=\"wp-block-heading\">Mehr Austausch. Weniger Folien<\/h3>\n\n\n\n<p class=\"wp-block-paragraph\">Der AI Ap\u00e9ro ist bewusst kein klassisches Vortragsformat.<\/p>\n\n\n\n<p class=\"wp-block-paragraph\">Es geht nicht darum, Produkte zu pr\u00e4sentieren oder Dienstleistungen zu verkaufen. Stattdessen stehen ehrliche Erfahrungen, unterschiedliche Sichtweisen und der gemeinsame Austausch im Mittelpunkt.<\/p>\n\n\n\n<p class=\"wp-block-paragraph\">Nach den Impulsvortr\u00e4gen diskutieren unsere Referierenden gemeinsam in einer Paneldiskussion und beantworten Fragen aus dem Publikum.<\/p>\n\n\n\n<p class=\"wp-block-paragraph\">Beim anschliessenden Ap\u00e9ro bleibt gen\u00fcgend Zeit, um sich mit anderen Teilnehmenden sowie den Referierenden auszutauschen und neue Kontakte zu kn\u00fcpfen.<\/p>\n\n\n\n<div style=\"height:17px\" aria-hidden=\"true\" class=\"wp-block-spacer\"><\/div>\n\n\n\n<h3 class=\"wp-block-heading\">F\u00fcr wen ist der AI Ap\u00e9ro?<\/h3>\n\n\n\n<p class=\"wp-block-paragraph\">Die Veranstaltung richtet sich an alle, die sich mit dem Einsatz von AI besch\u00e4ftigen \u2013 unabh\u00e4ngig davon, wo sie aktuell stehen.<\/p>\n\n\n\n<p class=\"wp-block-paragraph\">Sie profitieren besonders, wenn Sie:<\/p>\n\n\n\n<ul class=\"wp-block-list\">\n<li>AI in Ihrem Unternehmen einf\u00fchren m\u00f6chten.<\/li>\n\n\n\n<li>bereits erste AI-Anwendungen im Einsatz haben.<\/li>\n\n\n\n<li>Best Practices und Erfahrungen aus der Praxis kennenlernen m\u00f6chten.<\/li>\n\n\n\n<li>sich mit anderen Unternehmen \u00fcber Chancen und Herausforderungen austauschen m\u00f6chten.<\/li>\n\n\n\n<li>neue Impulse f\u00fcr Ihre eigene AI-Initiative suchen<\/li>\n<\/ul>\n\n\n\n<div style=\"height:19px\" aria-hidden=\"true\" class=\"wp-block-spacer\"><\/div>\n\n\n\n<h3 class=\"wp-block-heading\">Wir freuen uns auf einen inspirierenden Abend mit Ihnen<\/h3>\n\n\n\n<p class=\"wp-block-paragraph\">Melden Sie sich jetzt an und tauschen Sie sich mit Unternehmen und Expertinnen und Experten dar\u00fcber aus, wie AI heute bereits erfolgreich eingesetzt wird \u2013 und welche Chancen sich daraus f\u00fcr die Zukunft ergeben.<\/p>\n\n\n<div class=\"wp-block-jetpack-contact-form\"><a href=\"https:\/\/diselva.com\/en\/blog\/ai-apero\/\" target=\"_blank\" rel=\"noopener noreferrer\">Submit a form.<\/a><\/div>","protected":false},"excerpt":{"rendered":"<p>Drei Perspektiven. Ein Ziel: Erfahrungen teilen. Artificial Intelligence (AI) erfolgreich einsetzen &#8211; was funktioniert wirklich? K\u00fcnstliche Intelligenz entwickelt sich rasant. Viele Unternehmen fragen sich, wie sie AI sinnvoll einsetzen k\u00f6nnen. Andere haben bereits erste L\u00f6sungen eingef\u00fchrt und m\u00f6chten den n\u00e4chsten Schritt gehen. Doch zwischen Hype und Realit\u00e4t fehlt oft eines: der offene Austausch mit Unternehmen, [&hellip;]<\/p>\n","protected":false},"author":268896793,"featured_media":117917,"comment_status":"closed","ping_status":"closed","sticky":false,"template":"","format":"standard","meta":{"_acf_changed":false,"_eb_attr":"","content-type":"","advanced_seo_description":"","jetpack_seo_html_title":"","jetpack_seo_noindex":false,"jetpack_seo_schema_type":"","_jetpack_newsletter_access":"","_jetpack_dont_email_post_to_subs":false,"_jetpack_newsletter_tier_id":0,"_jetpack_memberships_contains_paywalled_content":false,"_wpcom_ai_launchpad_first_post":false,"_jetpack_feature_clip_id":0,"_jetpack_memberships_contains_paid_content":false,"footnotes":"","jetpack_post_was_ever_published":false},"categories":[1],"tags":[],"thema":[],"class_list":["post-117873","post","type-post","status-publish","format-standard","has-post-thumbnail","hentry","category-news"],"blocksy_meta":{"styles_descriptor":{"styles":{"desktop":"","tablet":"","mobile":""},"google_fonts":[],"version":7}},"acf":[],"jetpack_sharing_enabled":true,"jetpack_featured_media_url":"https:\/\/i0.wp.com\/diselva.com\/wp-content\/uploads\/2026\/08\/AI-Apero-Visual-neu-neu-3.png?fit=1920%2C1080&quality=78&ssl=1","_links":{"self":[{"href":"https:\/\/diselva.com\/en\/wp-json\/wp\/v2\/posts\/117873","targetHints":{"allow":["GET"]}}],"collection":[{"href":"https:\/\/diselva.com\/en\/wp-json\/wp\/v2\/posts"}],"about":[{"href":"https:\/\/diselva.com\/en\/wp-json\/wp\/v2\/types\/post"}],"author":[{"embeddable":true,"href":"https:\/\/diselva.com\/en\/wp-json\/wp\/v2\/users\/268896793"}],"replies":[{"embeddable":true,"href":"https:\/\/diselva.com\/en\/wp-json\/wp\/v2\/comments?post=117873"}],"version-history":[{"count":21,"href":"https:\/\/diselva.com\/en\/wp-json\/wp\/v2\/posts\/117873\/revisions"}],"predecessor-version":[{"id":117979,"href":"https:\/\/diselva.com\/en\/wp-json\/wp\/v2\/posts\/117873\/revisions\/117979"}],"wp:featuredmedia":[{"embeddable":true,"href":"https:\/\/diselva.com\/en\/wp-json\/wp\/v2\/media\/117917"}],"wp:attachment":[{"href":"https:\/\/diselva.com\/en\/wp-json\/wp\/v2\/media?parent=117873"}],"wp:term":[{"taxonomy":"category","embeddable":true,"href":"https:\/\/diselva.com\/en\/wp-json\/wp\/v2\/categories?post=117873"},{"taxonomy":"post_tag","embeddable":true,"href":"https:\/\/diselva.com\/en\/wp-json\/wp\/v2\/tags?post=117873"},{"taxonomy":"thema","embeddable":true,"href":"https:\/\/diselva.com\/en\/wp-json\/wp\/v2\/thema?post=117873"}],"curies":[{"name":"wp","href":"https:\/\/api.w.org\/{rel}","templated":true}]}}